{"id":637,"date":"2023-04-18T19:09:57","date_gmt":"2023-04-18T18:09:57","guid":{"rendered":"https:\/\/www.addai.org\/?p=637"},"modified":"2023-04-18T19:11:29","modified_gmt":"2023-04-18T18:11:29","slug":"valkommen-till-boklanseringen-10maj-2023","status":"publish","type":"post","link":"https:\/\/addai.org\/index.php\/2023\/04\/18\/valkommen-till-boklanseringen-10maj-2023\/","title":{"rendered":"V\u00e4lkommen till boklanseringen 10:maj 2023"},"content":{"rendered":"\n<p><strong>Fem \u00e5r har g\u00e5tt sedan boken M\u00e4nniskor och AI kom ut.<\/strong><\/p>\n\n\n\n<p>Ur den samlade m\u00e4nsklighetens perspektiv \u00e4r detta inte mer \u00e4n en blinkning. Likv\u00e4l har mycket h\u00e4nt och v\u00e4rlden \u00e4r inte l\u00e4ngre riktigt likadan. En pandemi, \u00e5terigen krig i Europa och en fortsatt hyper-snabb digital utveckling \u00e4r bara n\u00e5gra av alla de h\u00e4ndelser vi sett. Vad g\u00e4ller AI s\u00e5 forts\u00e4tter fr\u00e5gorna att hopa sig.<\/p>\n\n\n\n<p><em><strong>Vad h\u00e4nder om det dyker upp en maskin som kan g\u00f6ra korrekta framtidsf\u00f6ruts\u00e4gelser?<\/strong><\/em>&nbsp;Har vi kommit n\u00e4rmare en AI som kan t\u00e4nka sj\u00e4lv?&nbsp;<em><strong>Har vi f\u00f6rst\u00e5tt b\u00e4ttre hur vi kan kontrollera utvecklingen?<\/strong><\/em>&nbsp;Hur kan vi f\u00f6rs\u00e4kra oss i framtiden och styrs v\u00e5ra metaverse av AI?<em><strong>&nbsp;Kommer framtidens underr\u00e4ttelsetj\u00e4nster vara AI baserade&nbsp;<\/strong><\/em>? Kanske \u00e4r din n\u00e4sta chef en algoritm? Vore det inte sk\u00f6nt?<\/p>\n\n\n\n<p>V\ufeffi kommer under kv\u00e4llen f\u00e5 lyssna p\u00e5 n\u00e5gra av f\u00f6rfattarna presentera sina kapitel och f\u00e5 m\u00f6jlighet att diskutera med f\u00f6rfattare och publik kring den snabba AI utvecklingen.<\/p>\n\n\n\n<p><em><strong>Vi kommer bland annat f\u00e5 lyssna p\u00e5 Jonas Stier, sociolog och professor, Cecilia Magnusson Sj\u00f6berg, professor i r\u00e4ttsinformatik och Daniel Akenine, teknikchef f\u00f6r Microsoft samt flera andra&#8230;<\/strong><\/em><\/p>\n\n\n\n<p><\/p>\n\n\n\n<p><a href=\"https:\/\/www.eventbrite.se\/e\/bokrelease-ai-och-manniskor-5-ar-senare-biljetter-618558193207\">https:\/\/www.eventbrite.se\/e\/bokrelease-ai-och-manniskor-5-ar-senare-biljetter-618558193207<\/a><\/p>\n\n\n\n<p><\/p>\n","protected":false},"excerpt":{"rendered":"<p>Fem \u00e5r har g\u00e5tt sedan boken M\u00e4nniskor och AI kom ut. Ur den samlade m\u00e4nsklighetens perspektiv \u00e4r detta inte mer \u00e4n en blinkning. Likv\u00e4l har mycket h\u00e4nt och v\u00e4rlden \u00e4r inte l\u00e4ngre riktigt likadan. En pandemi, \u00e5terigen krig i Europa och en fortsatt hyper-snabb digital utveckling \u00e4r bara n\u00e5gra av alla de h\u00e4ndelser vi sett.<\/p>\n","protected":false},"author":1,"featured_media":638,"comment_status":"closed","ping_status":"closed","sticky":false,"template":"","format":"standard","meta":{"footnotes":""},"categories":[1],"tags":[],"class_list":["post-637","post","type-post","status-publish","format-standard","has-post-thumbnail","hentry","category-uncategorized"],"_links":{"self":[{"href":"https:\/\/addai.org\/index.php\/wp-json\/wp\/v2\/posts\/637","targetHints":{"allow":["GET"]}}],"collection":[{"href":"https:\/\/addai.org\/index.php\/wp-json\/wp\/v2\/posts"}],"about":[{"href":"https:\/\/addai.org\/index.php\/wp-json\/wp\/v2\/types\/post"}],"author":[{"embeddable":true,"href":"https:\/\/addai.org\/index.php\/wp-json\/wp\/v2\/users\/1"}],"replies":[{"embeddable":true,"href":"https:\/\/addai.org\/index.php\/wp-json\/wp\/v2\/comments?post=637"}],"version-history":[{"count":4,"href":"https:\/\/addai.org\/index.php\/wp-json\/wp\/v2\/posts\/637\/revisions"}],"predecessor-version":[{"id":642,"href":"https:\/\/addai.org\/index.php\/wp-json\/wp\/v2\/posts\/637\/revisions\/642"}],"wp:featuredmedia":[{"embeddable":true,"href":"https:\/\/addai.org\/index.php\/wp-json\/wp\/v2\/media\/638"}],"wp:attachment":[{"href":"https:\/\/addai.org\/index.php\/wp-json\/wp\/v2\/media?parent=637"}],"wp:term":[{"taxonomy":"category","embeddable":true,"href":"https:\/\/addai.org\/index.php\/wp-json\/wp\/v2\/categories?post=637"},{"taxonomy":"post_tag","embeddable":true,"href":"https:\/\/addai.org\/index.php\/wp-json\/wp\/v2\/tags?post=637"}],"curies":[{"name":"wp","href":"https:\/\/api.w.org\/{rel}","templated":true}]}}