{"id":451,"date":"2018-12-13T17:43:50","date_gmt":"2018-12-13T16:43:50","guid":{"rendered":"http:\/\/www.addai.org\/?p=451"},"modified":"2018-12-13T17:45:44","modified_gmt":"2018-12-13T16:45:44","slug":"6-hours-of-ai","status":"publish","type":"post","link":"https:\/\/addai.org\/index.php\/2018\/12\/13\/6-hours-of-ai\/","title":{"rendered":"6 hours of AI"},"content":{"rendered":"\n<p>addAI.org recently arranged an AI day during the Internet Days in Stockholm and we were very happy to see so many of you there. We were approx. 400 people on site as well as 200 watching remotely. Now all the material is available &#8211; free to watch (thx Internetstiftelsen). <\/p>\n\n\n\n<p>Yes we know! It is to much to watch &#8211; for your convenience the material is divided as a playlist below by speaker speaker below.<\/p>\n\n\n\n<p><strong>How to watch<\/strong>. Press the playlistbutton in the top right corner to select your speaker.<br><\/p>\n\n\n<p><iframe loading=\"lazy\" width=\"900\" height=\"506\" src=\"https:\/\/www.youtube.com\/embed\/videoseries?list=PLtDs7N_g_eibcd8C4GXMEcWFjj1d4v7w8\" frameborder=\"0\" allow=\"accelerometer; autoplay; encrypted-media; gyroscope; picture-in-picture\" allowfullscreen><\/iframe><\/p>\n\n\n<h2 class=\"wp-block-heading\">\t\t\t\t\t\t\t\t\t\t\t\t\t\tPROGRAM: <br>Vad \u00e4r AI idag \u2013 och imorgon?\t\t\t\t\t\t\t\t\t\t\t\t\t\t\t\t\t\t\t\t\t\t\t\t\t\t\t\t\t\t\t\t\t\t\t\t\t\t\t\t\t\t\t\t\t\t\t\t\t\t\t\t\t\t\t\t<\/h2>\n\n\n\n<p>Anv\u00e4nder du ordet AI utan att veta vad det betyder? \u00c4r det en term att beskriva smarta algoritmer eller \u00e4r det n\u00e5got mer? Vad kan AI g\u00f6ra idag och vad kan det kanske g\u00f6ra imorgon?<\/p>\n\n\n\n<h4 class=\"wp-block-heading\">Talare<\/h4>\n\n\n\n<ul class=\"wp-block-list\"><li><strong>\t\t\t\t\t\t\t\t\t\t\t\t\t\t\t\t\t\t\t\t\t\t\t\t\t\t\t\t\t\t\t\t\t\t\t\t\t\t\t\t\t\t\t\t\t\t\t\t\t\t\t\t\t\t\t\t\t\t\t\t\t\t\t\t\t\t\t\t\t\t\t\t\t\t\t\t\t\t\t\t\t\t\t\t\t\t\t\t\t\t\t\t\t\t\t\t\t\t\t\t\t\t\t\t\t\t\t\t\t\t\t\t\t\t\t\t\t\t\t\t\t\t\t\t\t\t\t\t\t\t\t\t\t\t\t\t\t\t\t\t\t\t\t\t\t\t\t\t\t\t\t<\/strong><a href=\"https:\/\/internetdagarna.se\/program\/artificiell-intelligens-det-nya-granslandet\/#\"><strong>Daniel Akenine<\/strong><\/a>\t\t\t\t\t\t\t\t\t\t\t\t\t\t\t\t\t\t\t\t\t\t\t\t\t\t\t\t\t\t\t\t\t\t\t\t\t\t\t\tNationell Teknikchef p\u00e5 <a rel=\"noreferrer noopener\" href=\"http:\/\/www.microsoft.com\/sv-se\/default.aspx\" target=\"_blank\">Microsoft <\/a>och ordf\u00f6rande f\u00f6r <a rel=\"noreferrer noopener\" href=\"http:\/\/www.iasa.se\/\" target=\"_blank\">Sveriges IT-arkitekter<\/a>. Daniel har en historia som fysiker och neuroforskare p\u00e5 <a rel=\"noreferrer noopener\" href=\"http:\/\/ki.se\/\" target=\"_blank\">Karolinska<\/a> samt som utvecklare och it-arkitekt f\u00f6r ett antal av Sveriges finansiella it-system.&nbsp;&nbsp;\t\t\t\t\t\t\t\t\t\t\t\t\t\t\t\t\t\t\t\t\t\t\t\t\t\t\t\t\t\t\t\t\t\t\t\t\t\t\t\t\t\t\t\t\t\t\t\t\t\t\t\t\t\t\t\t\t\t\t\t\t\t\t\t\t\t\t\t\t\t\t\t\t\t\t\t\t\t\t\t\t\t\t\t\t\t\t\t\t\t\t\t\t\t\t\t\t\t\t\t\t\t\t\t\t\t\t\t\t\t\t\t\t\t<\/li><li>\t\t\t\t\t\t\t\t\t\t\t\t\t\t\t\t\t\t\t\t\t\t\t\t\t\t\t\t\t\t\t\t\t\t\t\t\t\t\t\t\t\t\t\t\t\t\t\t\t\t\t\t\t\t\t\t\t\t\t\t\t\t\t\t\t\t\t\t\t\t\t\t\t\t\t\t\t\t\t\t\t\t\t\t\t\t\t\t\t\t\t\t\t\t\t\t\t\t\t\t\t\t\t\t\t\t\t\t\t\t\t\t\t\t\t\t\t\t\t\t\t\t\t\t\t\t\t\t\t\t\t\t\t\t\t\t\t\t\t\t\t\t\t\t\t\t\t\t\t\t\t<a href=\"https:\/\/internetdagarna.se\/program\/artificiell-intelligens-det-nya-granslandet\/#\"><strong>Jonas Stier<\/strong><\/a> &nbsp; Professor i Sociologi\t\t\t\t\t\t\t\t\t\t\t\t\t\t\t\t\t\t\t\t\t\t\t\t\t\t\t\t\t\t\t\t\t\t\t\t\t\t\t\tJonas Stier is a professor of intercultural studies at Dalarna University, Sweden. His expertise includes interpersonal and intercultural communication, inclusion, identity and diversity.&nbsp;\t\t\t\t\t\t\t\t\t\t\t\t\t\t\t\t\t\t\t\t\t\t\t\t\t\t\t\t\t\t\t\t\t\t\t\t\t\t\t\t\t\t\t\t\t\t\t\t\t\t\t\t\t\t\t\t\t\t\t\t\t\t\t\t\t\t\t\t\t\t\t\t\t\t\t\t\t\t\t\t\t\t\t\t\t\t\t\t\t\t\t\t\t\t\t\t\t\t\t\t\t\t\t\t\t\t\t\t\t\t\t\t\t\t<\/li><li>\t\t\t\t\t\t\t\t\t\t\t\t\t\t\t\t\t\t\t\t\t\t\t\t\t\t\t\t\t\t\t\t\t\t\t\t\t\t\t\t\t\t\t\t\t\t\t\t\t\t\t\t\t\t\t\t\t\t\t\t\t\t\t\t\t\t\t\t\t\t\t\t\t\t\t\t\t\t\t\t\t\t\t\t\t\t\t\t\t\t\t\t\t\t\t\t\t\t\t\t\t\t\t\t\t\t\t\t\t\t\t\t\t\t\t\t\t\t\t\t\t\t\t\t\t\t\t\t\t\t\t\t\t\t\t\t\t\t\t\t\t\t\t\t\t\t\t\t\t\t\t<a href=\"https:\/\/internetdagarna.se\/program\/artificiell-intelligens-det-nya-granslandet\/#\"><strong>Christian Guttmann<\/strong><\/a> &nbsp; Adjungerad professor vid University of NewSouth Wales\t\t\t\t\t\t\t\t\t\t\t\t\t\t\t\t\t\t\t\t\t\t\t\t\t\t\t\t\t\t\t\t\t\t\t\t\t\t\t\tLIVE fr\u00e5n Indien: Executive Director, Nordic Artificial Intelligence\/ VP, Global Head of Artificial Intelligence Tieto.<br>Christian Guttmann \u00e4r en AI-forskare och entrepren\u00f6r. Han leder Tietos enhet f\u00f6r global AI-utveckling och innovation. Han \u00e4r adjungerad professor vid University of NewSouth Wales i Australien och forskarassistent vid Karolinska Institutet.&nbsp;Guttmann \u00e4r en entrepren\u00f6r och har startat flera f\u00f6retag inom omr\u00e5det artificiell intelligens.&nbsp;\t\t\t\t\t\t\t\t\t\t\t\t\t\t\t\t\t\t\t\t\t\t\t\t\t\t\t\t\t\t\t\t\t\t\t\t\t\t\t\t\t\t\t\t\t\t\t\t\t\t\t\t\t\t\t\t\t\t\t\t\t\t\t\t\t\t\t\t\t\t\t\t\t\t\t\t\t\t\t\t\t\t\t\t\t\t\t\t\t\t\t\t\t\t\t\t\t\t\t\t\t\t\t\t\t\t\t\t\t\t\t\t\t\t<\/li><li>\t\t\t\t\t\t\t\t\t\t\t\t\t\t\t\t\t\t\t\t\t\t\t\t\t\t\t\t\t\t\t\t\t\t\t\t\t\t\t\t\t\t\t\t\t\t\t\t\t\t\t\t\t\t\t\t\t\t\t\t\t\t\t\t\t\t\t\t\t\t\t\t\t\t\t\t\t\t\t\t\t\t\t\t\t\t\t\t\t\t\t\t\t\t\t\t\t\t\t\t\t\t\t\t\t\t\t\t\t\t\t\t\t\t\t\t\t\t\t\t\t\t\t\t\t\t\t\t\t\t\t\t\t\t\t\t\t\t\t\t\t\t\t\t\t\t\t\t\t\t\t<a href=\"https:\/\/internetdagarna.se\/program\/artificiell-intelligens-det-nya-granslandet\/#\"><strong>Maria Nystr\u00f6m Agback<\/strong><\/a><strong> &nbsp;<\/strong> Handl\u00e4ggare\/Jurist\/f\u00f6rfattare med inriktning psykiatri\t\t\t\t\t\t\t\t\t\t\t\t\t\t\t\t\t\t\t\t\t\t\t\t\t\t\t\t\t\t\t\t\t\t\t\t\t\t\t\tMaria \u00e4r jurist p\u00e5 SKL och har skrivit ett kapitel i boken \u201dM\u00e4nniskor och AI\u201d som lanseras p\u00e5 Internetdagarna. Hon har tidigare arbetat som omv\u00e4rldsanalytiker och tj\u00e4nstgjort i tillf\u00e4lliga staber som hanterat terroristbrott, ebolahot och skogsbrand.&nbsp;\t\t\t\t\t\t\t\t\t\t\t\t\t\t\t\t\t\t\t\t\t\t\t\t\t\t\t\t\t\t\t\t\t\t\t\t\t\t\t\t\t\t\t\t\t\t\t\t\t\t\t\t\t\t\t\t\t\t\t\t\t\t\t\t\t\t\t\t\t\t\t\t\t\t\t\t\t\t\t\t\t\t\t\t\t\t\t\t\t\t\t\t\t\t\t\t\t\t\t\t\t\t\t\t\t\t\t\t\t\t\t\t\t\t<\/li><\/ul>\n\n\n\n<p>\t\t\t\t\t\t\t\t\t\t\t\t\n\t\t\t\t\t\t\t\t\t\t\t\n\n\t\t\t\t\t\t\t\t\t\t\n\t\t\t\t\t\t\t\t\t\t\t\t\t\t\t\t\t\t\t\t\n\t\t\t\t\t\t\t\t\t\t\t\n\t\t\t\t\t\t\t\t\t\t\t\t\n\t\t\t\t\t\t\t\t\t\t\t\t\t\n\t\t\t\t\t\t\t\t\t\t\t\t\t\t\t\t\t\t\t\t\t\t\t\t\t\t\t\t11:30-12:30\t\t\t\t\t\t\t\t\t\t\t\t\t\n\n\t\t\t\t\t\t\t\t\t\t\t\t\t<\/p>\n\n\n\n<p>Plats A4, v\u00e5n 5&nbsp;Spr\u00e5k Svenska&nbsp;\t\t\t\t\t\t\t\t\t\t\t\t\t\t<\/p>\n\n\n\n<h2 class=\"wp-block-heading\">\n\t\t\t\t\t\t\t\t\t\t\t\t\t\tAI i praktiken \u2013 till\u00e4mpningar och anv\u00e4ndningsomr\u00e5den\t\t\t\t\t\t\t\t\t\t\t\t\t\t\t\t\t\t\t\t\t\t\t\t\t\t\t\t\t\n\t\t\t\t\t\t\t\t\t\t\t\t\t\t\t\t\t\t\t\t\t\t\t\t\t\t\t<\/h2>\n\n\n\n<p>Kom\n och se olika exempel p\u00e5 anv\u00e4ndandet av AI. Hur kan man anv\u00e4nda \n\u201dcognitive computing\u201d f\u00f6r att automatiskt hitta personuppgifter, hur \nanv\u00e4nder F\u00f6rs\u00e4kringskassan och Uppsala AI och hur kan h\u00e5rdvara vara en \ndel av l\u00f6sningen?<\/p>\n\n\n\n<h4 class=\"wp-block-heading\">Moderator(er)<\/h4>\n\n\n\n<ul class=\"wp-block-list\"><li>\t\t\t\t\t\t\t\t\t\t\t\t\t\t\t\t\t\t\t\t\t\t\t\t\t\t\t\t\t\t\t\t\t\t\t\t\t\t\t\t\t\t\t\t\t\t\t\t\t\t\t\t\t\t\t\t\t\t\t\t\t\t\t\t\t\t\t\t\t\t\t\t\t\t\t\t\t\t\t\t\t\t\t\t\t\t\t\t\t\t\t\t\t\t\t\t\t\t\t\t\t\t\t\t\t\t\t\t\t\t\t\t\t\t\t\t\t\t\t\t\t\t\t\t\t\t\t\t\t\t\t\t\t\t\t\t\t\t\t\t\t\t\t<a href=\"https:\/\/internetdagarna.se\/program\/artificiell-intelligens-det-nya-granslandet\/#\"><strong>Helena Blackbright<\/strong><\/a><strong> <\/strong>&nbsp; M\u00e4lardalens H\u00f6gskola\t\t\t\t\t\t\t\t\t\t\t\t\t\t\t\t\t\t\t\t\t\t\t\t\t\t\t\t\t\t\t\t\t\t\t\t\t\tHelena Blackbright, projektledare p\u00e5 Automation Region och doktorand i innovationsledning vid M\u00e4lardalens h\u00f6gskola. Helena \u00e4r ocks\u00e5 medgrundare till addAI och ISPIMs (the International Society for Professional Innovation Management) special interest group AI &amp; Innovationsledning.&nbsp;\t\t\t\t\t\t\t\t\t\t\t\t\t\t\t\t\t\t\t\t\t\t\t\t\t\t\t\t\t\t\t\t\t\t\t\t\t\t\t\t\t\t\t\t\t\t\t\t\t\t\t\t\t\t\t\t\t\t\t\t\t\t\t\t\t\t\t\t\t\t\t\t\t\t\t\t\t\t\t\t\t\t\t\t\t\t\t\t\t\t\t\t\t\t\t\t\t\t\t\t\t\t\t\t\t\t\t\t<\/li><\/ul>\n\n\n\n<h4 class=\"wp-block-heading\">Panel<\/h4>\n\n\n\n<ul class=\"wp-block-list\"><li><strong>\t\t\t\t\t\t\t\t\t\t\t\t\t\t\t\t\t\t\t\t\t\t\t\t\t\t\t\t\t\t\t\t\t\t\t\t\t\t\t\t\t\t\t\t\t\t\t\t\t\t\t\t\t\t\t\t\t\t\t\t\t\t\t\t\t\t\t\t\t\t\t\t\t\t\t\t\t\t\t\t\t\t\t\t\t\t\t\t\t\t\t\t\t\t\t\t\t\t\t\t\t\t\t\t\t\t\t\t\t\t\t\t\t\t\t\t\t\t\t\t\t\t\t\t\t\t\t\t\t\t\t\t\t\t\t\t\t\t\t\t\t\t\t<\/strong><a href=\"https:\/\/internetdagarna.se\/program\/artificiell-intelligens-det-nya-granslandet\/#\"><strong>Markus Bylund<\/strong><\/a><strong> <\/strong>&nbsp; Strategichef f\u00f6r IT och digitalisering p\u00e5 Uppsala kommun\t\t\t\t\t\t\t\t\t\t\t\t\t\t\t\t\t\t\t\t\t\t\t\t\t\t\t\t\t\t\t\t\t\t\t\t\t\tMarkus \u00e4r strategichef f\u00f6r IT och digitalisering p\u00e5 Uppsala kommun och arbetar med att maximera nyttan med digitalisering av kommunens tj\u00e4nster och verksamhet. I sitt arbete befinner han sig till vardags mitt i sk\u00e4rningspunkten mellan teknik-, verksamhets- och ledarskapsutveckling.&nbsp;\t\t\t\t\t\t\t\t\t\t\t\t\t\t\t\t\t\t\t\t\t\t\t\t\t\t\t\t\t\t\t\t\t\t\t\t\t\t\t\t\t\t\t\t\t\t\t\t\t\t\t\t\t\t\t\t\t\t\t\t\t\t\t\t\t\t\t\t\t\t\t\t\t\t\t\t\t\t\t\t\t\t\t\t\t\t\t\t\t\t\t\t\t\t\t\t\t\t\t\t\t\t\t\t\t\t\t\t<\/li><li>\t\t\t\t\t\t\t\t\t\t\t\t\t\t\t\t\t\t\t\t\t\t\t\t\t\t\t\t\t\t\t\t\t\t\t\t\t\t\t\t\t\t\t\t\t\t\t\t\t\t\t\t\t\t\t\t\t\t\t\t\t\t\t\t\t\t\t\t\t\t\t\t\t\t\t\t\t\t\t\t\t\t\t\t\t\t\t\t\t\t\t\t\t\t\t\t\t\t\t\t\t\t\t\t\t\t\t\t\t\t\t\t\t\t\t\t\t\t\t\t\t\t\t\t\t\t\t\t\t\t\t\t\t\t\t\t\t\t\t\t\t\t\t<a href=\"https:\/\/internetdagarna.se\/program\/artificiell-intelligens-det-nya-granslandet\/#\"><strong>Karl-Oskar Br\u00e4nnstr\u00f6m<\/strong><\/a><strong> &nbsp;<\/strong> VD f\u00f6r Aigine AB\t\t\t\t\t\t\t\t\t\t\t\t\t\t\t\t\t\t\t\t\t\t\t\t\t\t\t\t\t\t\t\t\t\t\t\t\t\tKarl-Oskar \u00e4r jurist, entrepren\u00f6r och VD f\u00f6r Aigine AB. Han brinner f\u00f6r digital processutveckling och att med modern teknologi uppn\u00e5 b\u00e5de h\u00f6gre fl\u00f6des- och resurseffektivitet.<br>\t\t\t\t\t\t\t\t\t\t\t\t\t\t\t\t\t\t\t\t\t\t\t\t\t\t\t\t\t\t\t\t\t\t\t\t\t\t\t\t\t\t\t\t\t\t\t\t\t\t\t\t\t\t\t\t\t\t\t\t\t\t\t\t\t\t\t\t\t\t\t\t\t\t\t\t\t\t\t\t\t\t\t\t\t\t\t\t\t\t\t\t\t\t\t\t\t\t\t\t\t\t\t\t\t\t\t\t<\/li><li>\t\t\t\t\t\t\t\t\t\t\t\t\t\t\t\t\t\t\t\t\t\t\t\t\t\t\t\t\t\t\t\t\t\t\t\t\t\t\t\t\t\t\t\t\t\t\t\t\t\t\t\t\t\t\t\t\t\t\t\t\t\t\t\t\t\t\t\t\t\t\t\t\t\t\t\t\t\t\t\t\t\t\t\t\t\t\t\t\t\t\t\t\t\t\t\t\t\t\t\t\t\t\t\t\t\t\t\t\t\t\t\t\t\t\t\t\t\t\t\t\t\t\t\t\t\t\t\t\t\t\t\t\t\t\t\t\t\t\t\t\t\t\t<a href=\"https:\/\/internetdagarna.se\/program\/artificiell-intelligens-det-nya-granslandet\/#\"><strong>Andreas Henningsson<\/strong><\/a><strong> <\/strong>&nbsp; F\u00f6rs\u00e4kringskassan\t\t\t\t\t\t\t\t\t\t\t\t\t\t\t\t\t\t\t\t\t\t\t\t\t\t\t\t\t\t\t\t\t\t\t\t\t\tAndreas Henningsson \u00e4r arkitekt vid F\u00f6rs\u00e4kringskassan&nbsp;\t\t\t\t\t\t\t\t\t\t\t\t\t\t\t\t\t\t\t\t\t\t\t\t\t\t\t\t\t\t\t\t\t\t\t\t\t\t\t\t\t\t\t\t\t\t\t\t\t\t\t\t\t\t\t\t\t\t\t\t\t\t\t\t\t\t\t\t\t\t\t\t\t\t\t\t\t\t\t\t\t\t\t\t\t\t\t\t\t\t\t\t\t\t\t\t\t\t\t\t\t\t\t\t\t\t\t\t<\/li><li>\t\t\t\t\t\t\t\t\t\t\t\t\t\t\t\t\t\t\t\t\t\t\t\t\t\t\t\t\t\t\t\t\t\t\t\t\t\t\t\t\t\t\t\t\t\t\t\t\t\t\t\t\t\t\t\t\t\t\t\t\t\t\t\t\t\t\t\t\t\t\t\t\t\t\t\t\t\t\t\t\t\t\t\t\t\t\t\t\t\t\t\t\t\t\t\t\t\t\t\t\t\t\t\t\t\t\t\t\t\t\t\t\t\t\t\t\t\t\t\t\t\t\t\t\t\t\t\t\t\t\t\t\t\t\t\t\t\t\t\t\t\t\t<a href=\"https:\/\/internetdagarna.se\/program\/artificiell-intelligens-det-nya-granslandet\/#\"><strong>Leif Nordlund<\/strong><\/a> &nbsp; Nvidia\t\t\t\t\t\t\t\t\t\t\t\t\t\t\t\t\t\t\t\t\t\t\t\t\t\t\t\t\t\t\t\t\t\t\t\t\t\tLeif Nordlund \u00e4r AI \/ Machine Learning Evangelist vid Nvidia&nbsp;\t\t\t\t\t\t\t\t\t\t\t\t\t\t\t\t\t\t\t\t\t\t\t\t\t\t\t\t\t\t\t\t\t\t\t\t\t\t\t\t\t\t\t\t\t\t\t\t\t\t\t\t\t\t\t\t\t\t\t\t\t\t\t\t\t\t\t\t\t\t\t\t\t\t\t\t\t\t\t\t\t\t\t\t\t\t\t\t\t\t\t\t\t\t\t\t\t\t\t\t\t\t\t\t\t\t\t\t<\/li><li>\t\t\t\t\t\t\t\t\t\t\t\t\t\t\t\t\t\t\t\t\t\t\t\t\t\t\t\t\t\t\t\t\t\t\t\t\t\t\t\t\t\t\t\t\t\t\t\t\t\t\t\t\t\t\t\t\t\t\t\t\t\t\t\t\t\t\t\t\t\t\t\t\t\t\t\t\t\t\t\t\t\t\t\t\t\t\t\t\t\t\t\t\t\t\t\t\t\t\t\t\t\t\t\t\t\t\t\t\t\t\t\t\t\t\t\t\t\t\t\t\t\t\t\t\t\t\t\t\t\t\t\t\t\t\t\t\t\t\t\t\t\t\t<a href=\"https:\/\/internetdagarna.se\/program\/artificiell-intelligens-det-nya-granslandet\/#\"><strong>Fahrim Shirinzade<\/strong><\/a>&nbsp;\t\t\t\t\t\t\t\t\t\t\t\t\t\t\t\t\t\t\t\t\t\t\t\t\t\t\t\t\t\t\t\t\t\t\t\t\t\t\t\t\t\t\t\t\t\t\t\t\t\t\t\t\t\t\t\t\t\t\t\t\t\t\t\t\t\t\t\t\t\t\t\t\t\t\t\t\t\t\t\t\t\t\t\t\t\t\t\t\t\t\t\t\t\t\t\t\t\t\t\t\t\t\t\t\t\t\t\t<\/li><\/ul>\n\n\n\n<p>\n\n\t\t\t\t\t\t\t\t\t\t\t\t\t\t\t\t\t\t\t\t\t\t\t\t\t\n\t\t\t\t\t\t\t\t\t\t\t\n\n\t\t\t\t\t\t\t\t\t\t\n\t\t\t\t\t\t\t\t\t\t\t\t\t\t\t\t\t\t\t\t\n\t\t\t\t\t\t\t\t\t\t\t\n\t\t\t\t\t\t\t\t\t\t\t\t\n\t\t\t\t\t\t\t\t\t\t\t\t\t\n\t\t\t\t\t\t\t\t\t\t\t\t\t\t\t\t\t\t\t\t\t\t\t\t\t\t\t\t12:30-13:30\t\t\t\t\t\t\t\t\t\t\t\t\t\n\n\t\t\t\t\t\t\t\t\t\t\t\t\t\t\t\t\t\t\t\t\t\t\t\t\t\n\n\t\t\t\t\t\t\t\t\t\t\t\n\n\t\t\t\t\t\t\t\t\t\t\t\n\t\t\t\t\t\t\t\t\t\t\t\t\n\t\t\t\t\t\t\t\t\t\t\t\t\t<\/p>\n\n\n\n<h2 class=\"wp-block-heading\">\n\t\t\t\t\t\t\t\t\t\t\t\t\t\tLunch\t\t\t\t\t\t\t\t\t\t\t\t\t\t\t\t\t\t\t\t\t\t\t\t\t\t\t<\/h2>\n\n\n\n<p>\n\t\t\t\t\t\t\t\t\t\t\t\t\t\t\t\t\t\t\t\t\t\t\t\t\t\n\t\t\t\t\t\t\t\t\t\t\t\n\n\t\t\t\t\t\t\t\t\t\t\t\n\t\t\t\t\t\t\t\t\t\t\t\t\n\t\t\t\t\t\t\t\t\t\t\t\t\t\t\t\t\t\t\t\t\t\t\t\t\t\n\t\t\t\t\t\t\t\t\t\t\t\n\n\t\t\t\t\t\t\t\t\t\t\n\t\t\t\t\t\t\t\t\t\t\t\t\t\t\t\t\t\t\t\t\n\t\t\t\t\t\t\t\t\t\t\t\n\t\t\t\t\t\t\t\t\t\t\t\t\n\t\t\t\t\t\t\t\t\t\t\t\t\t\n\t\t\t\t\t\t\t\t\t\t\t\t\t\t\t\t\t\t\t\t\t\t\t\t\t\t\t\t13:30-14:00\t\t\t\t\t\t\t\t\t\t\t\t\t\n\n\t\t\t\t\t\t\t\t\t\t\t\t\t<\/p>\n\n\n\n<p>Plats A1 kongresshallen, auditorium, v\u00e5n 4&nbsp;Spr\u00e5k English&nbsp;\t\t\t\t\t\t\t\t\t\t\t\t\t\t<\/p>\n\n\n\n<h2 class=\"wp-block-heading\">\n\t\t\t\t\t\t\t\t\t\t\t\t\t\tKeynote-sessions\t\t\t\t\t\t\t\t\t\t\t\t\t\t\t\t\t\t\t\t\t\t\t\t\t\t\t<\/h2>\n\n\n\n<h4 class=\"wp-block-heading\">Talare<\/h4>\n\n\n\n<ul class=\"wp-block-list\"><li>\t\t\t\t\t\t\t\t\t\t\t\t\t\t\t\t\t\t\t\t\t\t\t\t\t\t\t\t\t\t\t\t\t\t\t\t\t\t\t\t\t\t\t\t\t\t\t\t\t\t\t\t\t\t\t\t\t\t\t\t\t\t\t\t\t\t\t\t\t\t\t\t\t\t\t\t\t\t\t\t\t\t\t\t\t\t\t\t\t\t\t\t\t\t\t\t\t\t\t\t\t\t\t\t\t\t\t\t\t\t\t\t\t\t\t\t\t\t\t\t\t\t\t\t\t\t\t\t\t\t\t\t\t\t\t\t\t\t\t\t\t\t\t\t\t\t\t\t\t\t\t<a href=\"https:\/\/internetdagarna.se\/program\/artificiell-intelligens-det-nya-granslandet\/#\"><strong>Max Tegmark<\/strong><\/a><strong>\t\t\t\t\t\t\t\t\t\t\t\t\t\t\t\t\t\t\t\t\t\t\t\t\t\t\t\t\t\t\t\t\t\t\t\t\t\t\t\t<\/strong>N\u00e4r Max Tegmark talar om sam- och framtiden \u00e4r det l\u00e4tt att tro att han f\u00f6rv\u00e4xlat verkligheten med n\u00e5gon obskyr science fiction-litteratur. Han \u00e4r k\u00e4nd f\u00f6r sina kontroversiella teorier om parallella universum och artificiell intelligens. Han \u00e4r professor i astrofysik och sedan 1990 \u00e4r han verksam i USA, d\u00e4r han f\u00f6r n\u00e4rvarande arbetar p\u00e5 MIT, Massachusetts Intitute of Technology i Boston.&nbsp;\t\t\t\t\t\t\t\t\t\t\t\t\t\t\t\t\t\t\t\t\t\t\t\t\t\t\t\t\t\t\t\t\t\t\t\t\t\t\t\t\t\t\t\t\t\t\t\t\t\t\t\t\t\t\t\t\t\t\t\t\t\t\t\t\t\t\t\t\t\t\t\t\t\t\t\t\t\t\t\t\t\t\t\t\t\t\t\t\t\t\t\t\t\t\t\t\t\t\t\t\t\t\t\t\t\t\t\t\t\t\t\t\t\t<\/li><\/ul>\n\n\n\n<p>\t\t\t\t\t\t\t\t\t\t\t\t\n\t\t\t\t\t\t\t\t\t\t\t\n\n\t\t\t\t\t\t\t\t\t\t\n\t\t\t\t\t\t\t\t\t\t\t\t\t\t\t\t\t\t\t\t\n\t\t\t\t\t\t\t\t\t\t\t\n\t\t\t\t\t\t\t\t\t\t\t\t\n\t\t\t\t\t\t\t\t\t\t\t\t\t\n\t\t\t\t\t\t\t\t\t\t\t\t\t\t\t\t\t\t\t\t\t\t\t\t\t\t\t\t14:00-15:00\t\t\t\t\t\t\t\t\t\t\t\t\t\n\n\t\t\t\t\t\t\t\t\t\t\t\t\t<\/p>\n\n\n\n<p>Plats A4, v\u00e5n 5&nbsp;Spr\u00e5k Svenska&nbsp;\t\t\t\t\t\t\t\t\t\t\t\t\t\t<\/p>\n\n\n\n<h2 class=\"wp-block-heading\">\n\t\t\t\t\t\t\t\t\t\t\t\t\t\tM\u00e4nniskan och AI \u2013 tillsammans\t\t\t\t\t\t\t\t\t\t\t\t\t\t\t\t\t\t\t\t\t\t\t\t\t\t\t\t\t\n\t\t\t\t\t\t\t\t\t\t\t\t\t\t\t\t\t\t\t\t\t\t\t\t\t\t\t<\/h2>\n\n\n\n<p>N\u00e4r\n AI tar \u00f6ver allt fler uppgifter fr\u00e5n oss m\u00e4nniskor s\u00e5 finns det en \nuppenbar risk att vi k\u00e4nner oss hotade. Det finns dessutom ett stort \nantal etiska fr\u00e5gest\u00e4llningar kopplade till AI runt v\u00e4rderingar, \ns\u00e4kerhet, r\u00e4ttvisa och transparens. Fr\u00e5gorna kan sammanfattas till: Hur \nska vi egentligen leva tillsammans med allt intelligentare maskiner?<\/p>\n\n\n\n<h4 class=\"wp-block-heading\">Moderator(er)<\/h4>\n\n\n\n<ul class=\"wp-block-list\"><li><strong>\t\t\t\t\t\t\t\t\t\t\t\t\t\t\t\t\t\t\t\t\t\t\t\t\t\t\t\t\t\t\t\t\t\t\t\t\t\t\t\t\t\t\t\t\t\t\t\t\t\t\t\t\t\t\t\t\t\t\t\t\t\t\t\t\t\t\t\t\t\t\t\t\t\t\t\t\t\t\t\t\t\t\t\t\t\t\t\t\t\t\t\t\t\t\t\t\t\t\t\t\t\t\t\t\t\t\t\t\t\t\t\t\t\t\t\t\t\t\t\t\t\t\t\t\t\t\t\t\t\t\t\t\t\t\t\t\t\t\t\t\t\t\t<\/strong><a href=\"https:\/\/internetdagarna.se\/program\/artificiell-intelligens-det-nya-granslandet\/#\"><strong>Rebecka Cedering \u00c5ngstr\u00f6m<\/strong><\/a> &nbsp; Ericsson Research\t\t\t\t\t\t\t\t\t\t\t\t\t\t\t\t\t\t\t\t\t\t\t\t\t\t\t\t\t\t\t\t\t\t\t\t\t\tRebecka Cedering \u00c5ngstr\u00f6m \u00e4r forskare vid Ericsson Consumer and Industry Lab, en forskningsenhet vid Ericsson Research som studerar hur Informations- och kommunikationsteknikers (ICT) p\u00e5verkan p\u00e5 samh\u00e4lle, Industri och m\u00e4nniskor.&nbsp;\t\t\t\t\t\t\t\t\t\t\t\t\t\t\t\t\t\t\t\t\t\t\t\t\t\t\t\t\t\t\t\t\t\t\t\t\t\t\t\t\t\t\t\t\t\t\t\t\t\t\t\t\t\t\t\t\t\t\t\t\t\t\t\t\t\t\t\t\t\t\t\t\t\t\t\t\t\t\t\t\t\t\t\t\t\t\t\t\t\t\t\t\t\t\t\t\t\t\t\t\t\t\t\t\t\t\t\t<\/li><\/ul>\n\n\n\n<h4 class=\"wp-block-heading\">Panel<\/h4>\n\n\n\n<ul class=\"wp-block-list\"><li>\t\t\t\t\t\t\t\t\t\t\t\t\t\t\t\t\t\t\t\t\t\t\t\t\t\t\t\t\t\t\t\t\t\t\t\t\t\t\t\t\t\t\t\t\t\t\t\t\t\t\t\t\t\t\t\t\t\t\t\t\t\t\t\t\t\t\t\t\t\t\t\t\t\t\t\t\t\t\t\t\t\t\t\t\t\t\t\t\t\t\t\t\t\t\t\t\t\t\t\t\t\t\t\t\t\t\t\t\t\t\t\t\t\t\t\t\t\t\t\t\t\t\t\t\t\t\t\t\t\t\t\t\t\t\t\t\t\t\t\t\t\t\t<a href=\"https:\/\/internetdagarna.se\/program\/artificiell-intelligens-det-nya-granslandet\/#\"><strong>Fredrik Heintz<\/strong><\/a> &nbsp; Docent\t\t\t\t\t\t\t\t\t\t\t\t\t\t\t\t\t\t\t\t\t\t\t\t\t\t\t\t\t\t\t\t\t\t\t\t\t\tDocent Fredrik Heintz \u00e4r lektor vid Institutionen f\u00f6r Datavetenskap vid Link\u00f6pings universitet. Han \u00e4r ordf\u00f6rande i Svenska AI-s\u00e4llskapet, f\u00f6rest\u00e5ndare f\u00f6r forskarskolan inom Wallenberg AI, Autonomous Systems and Software Program (WASP) med mer \u00e4n 120 doktorander, medlem i EU-kommissionens High Level Expert Group on AI. Hans forskningsomr\u00e5den \u00e4r artificiell intelligens och autonoma system. Han \u00e4r ocks\u00e5 v\u00e4ldigt aktiv i utbildningsfr\u00e5gor kopplat till inf\u00f6randet av programmering i grundskolan samt utbildning och fortbildning inom AI.&nbsp;\t\t\t\t\t\t\t\t\t\t\t\t\t\t\t\t\t\t\t\t\t\t\t\t\t\t\t\t\t\t\t\t\t\t\t\t\t\t\t\t\t\t\t\t\t\t\t\t\t\t\t\t\t\t\t\t\t\t\t\t\t\t\t\t\t\t\t\t\t\t\t\t\t\t\t\t\t\t\t\t\t\t\t\t\t\t\t\t\t\t\t\t\t\t\t\t\t\t\t\t\t\t\t\t\t\t\t\t<\/li><li>\t\t\t\t\t\t\t\t\t\t\t\t\t\t\t\t\t\t\t\t\t\t\t\t\t\t\t\t\t\t\t\t\t\t\t\t\t\t\t\t\t\t\t\t\t\t\t\t\t\t\t\t\t\t\t\t\t\t\t\t\t\t\t\t\t\t\t\t\t\t\t\t\t\t\t\t\t\t\t\t\t\t\t\t\t\t\t\t\t\t\t\t\t\t\t\t\t\t\t\t\t\t\t\t\t\t\t\t\t\t\t\t\t\t\t\t\t\t\t\t\t\t\t\t\t\t\t\t\t\t\t\t\t\t\t\t\t\t\t\t\t\t\t<a href=\"https:\/\/internetdagarna.se\/program\/artificiell-intelligens-det-nya-granslandet\/#\"><strong>Li Fell\u00e4nder-Tsai<\/strong><\/a><strong> <\/strong>&nbsp; Professor\t\t\t\t\t\t\t\t\t\t\t\t\t\t\t\t\t\t\t\t\t\t\t\t\t\t\t\t\t\t\t\t\t\t\t\t\t\tProfessor i Ortopedi, \u00d6verl\u00e4kare, F\u00f6rest\u00e5ndare f\u00f6r Center for advanced medical simulation and training (CAMST)&nbsp;\t\t\t\t\t\t\t\t\t\t\t\t\t\t\t\t\t\t\t\t\t\t\t\t\t\t\t\t\t\t\t\t\t\t\t\t\t\t\t\t\t\t\t\t\t\t\t\t\t\t\t\t\t\t\t\t\t\t\t\t\t\t\t\t\t\t\t\t\t\t\t\t\t\t\t\t\t\t\t\t\t\t\t\t\t\t\t\t\t\t\t\t\t\t\t\t\t\t\t\t\t\t\t\t\t\t\t\t<\/li><li>\t\t\t\t\t\t\t\t\t\t\t\t\t\t\t\t\t\t\t\t\t\t\t\t\t\t\t\t\t\t\t\t\t\t\t\t\t\t\t\t\t\t\t\t\t\t\t\t\t\t\t\t\t\t\t\t\t\t\t\t\t\t\t\t\t\t\t\t\t\t\t\t\t\t\t\t\t\t\t\t\t\t\t\t\t\t\t\t\t\t\t\t\t\t\t\t\t\t\t\t\t\t\t\t\t\t\t\t\t\t\t\t\t\t\t\t\t\t\t\t\t\t\t\t\t\t\t\t\t\t\t\t\t\t\t\t\t\t\t\t\t\t\t<a href=\"https:\/\/internetdagarna.se\/program\/artificiell-intelligens-det-nya-granslandet\/#\"><strong>Stefan Larsson<\/strong><\/a><strong> &nbsp; <\/strong>Docent och jurist\t\t\t\t\t\t\t\t\t\t\t\t\t\t\t\t\t\t\t\t\t\t\t\t\t\t\t\t\t\t\t\t\t\t\t\t\t\tStefan Larsson \u00e4r jurist och docent i teknik och social f\u00f6r\u00e4ndring vid institutionen f\u00f6r teknik och samh\u00e4lle p\u00e5 LTH, Lunds universitet, och programchef f\u00f6r det digitala samh\u00e4lletprogrammet p\u00e5 tankesmedjan Fores. Han \u00e4r disputerad i s\u00e5v\u00e4l r\u00e4ttssociologi som i fysisk planering och hans forskning \u00e4r inriktad mot digitaliseringens m\u00f6jligheter, utmaningar och konsekvenser fr\u00e5n ett r\u00e4ttsligt, socialt och samh\u00e4lleligt perspektiv. Detta inkluderar behovet av tillit och transparens p\u00e5 datadrivna marknader, som i handelns anv\u00e4ndning av kunddata, eller g\u00e4llande r\u00e4ttsliga, sociala och normativa utmaningar inom utveckling och anv\u00e4ndning av artificiell intelligens. Stefan \u00e4r \u00e4ven medlem i Konsumentverkets vetenskapliga r\u00e5d.&nbsp;\t\t\t\t\t\t\t\t\t\t\t\t\t\t\t\t\t\t\t\t\t\t\t\t\t\t\t\t\t\t\t\t\t\t\t\t\t\t\t\t\t\t\t\t\t\t\t\t\t\t\t\t\t\t\t\t\t\t\t\t\t\t\t\t\t\t\t\t\t\t\t\t\t\t\t\t\t\t\t\t\t\t\t\t\t\t\t\t\t\t\t\t\t\t\t\t\t\t\t\t\t\t\t\t\t\t\t\t<\/li><li>\t\t\t\t\t\t\t\t\t\t\t\t\t\t\t\t\t\t\t\t\t\t\t\t\t\t\t\t\t\t\t\t\t\t\t\t\t\t\t\t\t\t\t\t\t\t\t\t\t\t\t\t\t\t\t\t\t\t\t\t\t\t\t\t\t\t\t\t\t\t\t\t\t\t\t\t\t\t\t\t\t\t\t\t\t\t\t\t\t\t\t\t\t\t\t\t\t\t\t\t\t\t\t\t\t\t\t\t\t\t\t\t\t\t\t\t\t\t\t\t\t\t\t\t\t\t\t\t\t\t\t\t\t\t\t\t\t\t\t\t\t\t\t<a href=\"https:\/\/internetdagarna.se\/program\/artificiell-intelligens-det-nya-granslandet\/#\"><strong>Mikael Anneroth<\/strong><\/a><strong> &nbsp; <\/strong>Expert Human &amp; Society perspective of ICT, Ericsson Research\t\t\t\t\t\t\t\t\t\t\t\t\t\t\t\t\t\t\t\t\t\t\t\t\t\t\t\t\t\t\t\t\t\t\t\t\t\tMikael Anneroth holds an expert position within Ericsson Research in Sweden. At Ericsson, he is studying the use of ICT and communication systems from the human and society perspective doing exploratory work in new service concept areas including sustainability aspects. Special interest is given to Artificial Intelligence and Smart Sustainable Cities. Mikael has been working with the impact of digitalisation, user experience issues and interaction design for mobile and fixed communication systems at Ericsson since 1995.&nbsp;\t\t\t\t\t\t\t\t\t\t\t\t\t\t\t\t\t\t\t\t\t\t\t\t\t\t\t\t\t\t\t\t\t\t\t\t\t\t\t\t\t\t\t\t\t\t\t\t\t\t\t\t\t\t\t\t\t\t\t\t\t\t\t\t\t\t\t\t\t\t\t\t\t\t\t\t\t\t\t\t\t\t\t\t\t\t\t\t\t\t\t\t\t\t\t\t\t\t\t\t\t\t\t\t\t\t\t\t<\/li><li>\t\t\t\t\t\t\t\t\t\t\t\t\t\t\t\t\t\t\t\t\t\t\t\t\t\t\t\t\t\t\t\t\t\t\t\t\t\t\t\t\t\t\t\t\t\t\t\t\t\t\t\t\t\t\t\t\t\t\t\t\t\t\t\t\t\t\t\t\t\t\t\t\t\t\t\t\t\t\t\t\t\t\t\t\t\t\t\t\t\t\t\t\t\t\t\t\t\t\t\t\t\t\t\t\t\t\t\t\t\t\t\t\t\t\t\t\t\t\t\t\t\t\t\t\t\t\t\t\t\t\t\t\t\t\t\t\t\t\t\t\t\t\t<a href=\"https:\/\/internetdagarna.se\/program\/artificiell-intelligens-det-nya-granslandet\/#\"><strong>Anna Fell\u00e4nder<\/strong><\/a><strong> &nbsp;<\/strong> Regeringens digitaliseringsr\u00e5d\t\t\t\t\t\t\t\t\t\t\t\t\t\t\t\t\t\t\t\t\t\t\t\t\t\t\t\t\t\t\t\t\t\t\t\t\t\tAffilierad fakultet KTH, senior r\u00e5dgivare BCG och medlem i regeringens digitaliseringsr\u00e5d.&nbsp;\t\t\t\t\t\t\t\t\t\t\t\t\t\t\t\t\t\t\t\t\t\t\t\t\t\t\t\t\t\t\t\t\t\t\t\t\t\t\t\t\t\t\t\t\t\t\t\t\t\t\t\t\t\t\t\t\t\t\t\t\t\t\t\t\t\t\t\t\t\t\t\t\t\t\t\t\t\t\t\t\t\t\t\t\t\t\t\t\t\t\t\t\t\t\t\t\t\t\t\t\t\t\t\t\t\t\t\t<\/li><li>\t\t\t\t\t\t\t\t\t\t\t\t\t\t\t\t\t\t\t\t\t\t\t\t\t\t\t\t\t\t\t\t\t\t\t\t\t\t\t\t\t\t\t\t\t\t\t\t\t\t\t\t\t\t\t\t\t\t\t\t\t\t\t\t\t\t\t\t\t\t\t\t\t\t\t\t\t\t\t\t\t\t\t\t\t\t\t\t\t\t\t\t\t\t\t\t\t\t\t\t\t\t\t\t\t\t\t\t\t\t\t\t\t\t\t\t\t\t\t\t\t\t\t\t\t\t\t\t\t\t\t\t\t\t\t\t\t\t\t\t\t\t\t<a href=\"https:\/\/internetdagarna.se\/program\/artificiell-intelligens-det-nya-granslandet\/#\"><strong>Micael Frideros<\/strong><\/a><strong> <\/strong>&nbsp; Civilingenj\u00f6r i industriell ekonomi\t\t\t\t\t\t\t\t\t\t\t\t\t\t\t\t\t\t\t\t\t\t\t\t\t\t\t\t\t\t\t\t\t\t\t\t\t\tESS\u00c4: Micael Frideros \u00e4r civilingenj\u00f6r i industriell ekonomi fr\u00e5n Link\u00f6pings universitet och har en bakgrund som managementkonsult. I magisterrapporten \u201dArtificiell intelligens som beslutsmetod\u201d diskuterar Micael AI som teknik och metod, medan han i magisterrapporten \u201dArtificial Intelligence \u2013 progress in business and society\u201d fokuserar p\u00e5 teknikens utvecklings- och spridningshastighet.&nbsp;\t\t\t\t\t\t\t\t\t\t\t\t\t\t\t\t\t\t\t\t\t\t\t\t\t\t\t\t\t\t\t\t\t\t\t\t\t\t\t\t\t\t\t\t\t\t\t\t\t\t\t\t\t\t\t\t\t\t\t\t\t\t\t\t\t\t\t\t\t\t\t\t\t\t\t\t\t\t\t\t\t\t\t\t\t\t\t\t\t\t\t\t\t\t\t\t\t\t\t\t\t\t\t\t\t\t\t\t<\/li><\/ul>\n\n\n\n<p>\n\n\t\t\t\t\t\t\t\t\t\t\t\t\t\t\t\t\t\t\t\t\t\t\t\t\t\n\t\t\t\t\t\t\t\t\t\t\t\n\n\t\t\t\t\t\t\t\t\t\t\n\t\t\t\t\t\t\t\t\t\t\t\t\t\t\t\t\t\t\t\t\n\t\t\t\t\t\t\t\t\t\t\t\n\t\t\t\t\t\t\t\t\t\t\t\t\n\t\t\t\t\t\t\t\t\t\t\t\t\t\n\t\t\t\t\t\t\t\t\t\t\t\t\t\t\t\t\t\t\t\t\t\t\t\t\t\t\t\t15:00-15:30\t\t\t\t\t\t\t\t\t\t\t\t\t\n\n\t\t\t\t\t\t\t\t\t\t\t\t\t\t\t\t\t\t\t\t\t\t\t\t\t\n\n\t\t\t\t\t\t\t\t\t\t\t\n\n\t\t\t\t\t\t\t\t\t\t\t\n\t\t\t\t\t\t\t\t\t\t\t\t\n\t\t\t\t\t\t\t\t\t\t\t\t\t<\/p>\n\n\n\n<h2 class=\"wp-block-heading\">\n\t\t\t\t\t\t\t\t\t\t\t\t\t\tEftermiddagsfika\t\t\t\t\t\t\t\t\t\t\t\t\t\t\t\t\t\t\t\t\t\t\t\t\t\t\t<\/h2>\n\n\n\n<p>\n\t\t\t\t\t\t\t\t\t\t\t\t\t\t\t\t\t\t\t\t\t\t\t\t\t\n\t\t\t\t\t\t\t\t\t\t\t\n\n\t\t\t\t\t\t\t\t\t\t\t\n\t\t\t\t\t\t\t\t\t\t\t\t\n\t\t\t\t\t\t\t\t\t\t\t\t\t\t\t\t\t\t\t\t\t\t\t\t\t\n\t\t\t\t\t\t\t\t\t\t\t\n\n\t\t\t\t\t\t\t\t\t\t\n\t\t\t\t\t\t\t\t\t\t\t\t\t\t\t\t\t\t\t\t\n\t\t\t\t\t\t\t\t\t\t\t\n\t\t\t\t\t\t\t\t\t\t\t\t\n\t\t\t\t\t\t\t\t\t\t\t\t\t\n\t\t\t\t\t\t\t\t\t\t\t\t\t\t\t\t\t\t\t\t\t\t\t\t\t\t\t\t15:30-17:00\t\t\t\t\t\t\t\t\t\t\t\t\t\n\n\t\t\t\t\t\t\t\t\t\t\t\t\t<\/p>\n\n\n\n<p>Plats A4, v\u00e5n 5&nbsp;Spr\u00e5k Svenska&nbsp;\t\t\t\t\t\t\t\t\t\t\t\t\t\t<\/p>\n\n\n\n<h2 class=\"wp-block-heading\">\n\t\t\t\t\t\t\t\t\t\t\t\t\t\tDigitala personer \u2013 en ny r\u00e4ttsfigur?\t\t\t\t\t\t\t\t\t\t\t\t\t\t\t\t\t\t\t\t\t\t\t\t\t\t\t\t\t\n\t\t\t\t\t\t\t\t\t\t\t\t\t\t\t\t\t\t\t\t\t\t\t\t\t\t\t<\/h2>\n\n\n\n<p>Det\n finns redan ett antal exempel p\u00e5 d\u00e4r man b\u00f6rjat diskutera r\u00e4ttigheter \nf\u00f6r AI system. Roboten Sophia blev f\u00f6rra \u00e5ret tilldelad det f\u00f6rsta \nsaudiska medborgarskapet f\u00f6r en robot. I r\u00e4ttssystemen idag s\u00e5 finns det\n en uppdelning mellan juridiska och fysiska personer d\u00e4r fysiska \npersoner \u00e4r m\u00e4nniskor. \u00c4r det dags att introducera en tredje r\u00e4ttsfigur \nkanske \u2013 digitala personer?<\/p>\n\n\n\n<h4 class=\"wp-block-heading\">Moderator(er)<\/h4>\n\n\n\n<ul class=\"wp-block-list\"><li><strong>\t\t\t\t\t\t\t\t\t\t\t\t\t\t\t\t\t\t\t\t\t\t\t\t\t\t\t\t\t\t\t\t\t\t\t\t\t\t\t\t\t\t\t\t\t\t\t\t\t\t\t\t\t\t\t\t\t\t\t\t\t\t\t\t\t\t\t\t\t\t\t\t\t\t\t\t\t\t\t\t\t\t\t\t\t\t\t\t\t\t\t\t\t\t\t\t\t\t\t\t\t\t\t\t\t\t\t\t\t\t\t\t\t\t\t\t\t\t\t\t\t\t\t\t\t\t\t\t\t\t\t\t\t\t\t\t\t\t\t\t\t\t\t<\/strong><a href=\"https:\/\/internetdagarna.se\/program\/artificiell-intelligens-det-nya-granslandet\/#\"><strong>Cecilia Magnusson Sj\u00f6berg<\/strong><\/a> &nbsp; Professor\t\t\t\t\t\t\t\t\t\t\t\t\t\t\t\t\t\t\t\t\t\t\t\t\t\t\t\t\t\t\t\t\t\t\t\t\t\tCecilia Magnusson Sj\u00f6berg \u00e4r professor, JD. och \u00e4mnesf\u00f6rest\u00e5ndare f\u00f6r r\u00e4ttsinformatik p\u00e5 Juristprogrammet vid Stockholms universitet. Hon har l\u00e5ng erfarenhet av juridiskt arbete f\u00f6rknippat med utveckling och anv\u00e4ndning av it, bl.a. som s\u00e4rskild utredare och expert i statliga utredningar.&nbsp;\t\t\t\t\t\t\t\t\t\t\t\t\t\t\t\t\t\t\t\t\t\t\t\t\t\t\t\t\t\t\t\t\t\t\t\t\t\t\t\t\t\t\t\t\t\t\t\t\t\t\t\t\t\t\t\t\t\t\t\t\t\t\t\t\t\t\t\t\t\t\t\t\t\t\t\t\t\t\t\t\t\t\t\t\t\t\t\t\t\t\t\t\t\t\t\t\t\t\t\t\t\t\t\t\t\t\t\t<\/li><\/ul>\n\n\n\n<h4 class=\"wp-block-heading\">Panel<\/h4>\n\n\n\n<ul class=\"wp-block-list\"><li><strong>\t\t\t\t\t\t\t\t\t\t\t\t\t\t\t\t\t\t\t\t\t\t\t\t\t\t\t\t\t\t\t\t\t\t\t\t\t\t\t\t\t\t\t\t\t\t\t\t\t\t\t\t\t\t\t\t\t\t\t\t\t\t\t\t\t\t\t\t\t\t\t\t\t\t\t\t\t\t\t\t\t\t\t\t\t\t\t\t\t\t\t\t\t\t\t\t\t\t\t\t\t\t\t\t\t\t\t\t\t\t\t\t\t\t\t\t\t\t\t\t\t\t\t\t\t\t\t\t\t\t\t\t\t\t\t\t\t\t\t\t\t\t\t<\/strong><a href=\"https:\/\/internetdagarna.se\/program\/artificiell-intelligens-det-nya-granslandet\/#\"><strong>Markus Bylund<\/strong><\/a><strong> <\/strong>&nbsp; Strategichef f\u00f6r IT och digitalisering p\u00e5 Uppsala kommun\t\t\t\t\t\t\t\t\t\t\t\t\t\t\t\t\t\t\t\t\t\t\t\t\t\t\t\t\t\t\t\t\t\t\t\t\t\tMarkus \u00e4r strategichef f\u00f6r IT och digitalisering p\u00e5 Uppsala kommun och arbetar med att maximera nyttan med digitalisering av kommunens tj\u00e4nster och verksamhet. I sitt arbete befinner han sig till vardags mitt i sk\u00e4rningspunkten mellan teknik-, verksamhets- och ledarskapsutveckling. <a href=\"https:\/\/internetdagarna.se\/program\/artificiell-intelligens-det-nya-granslandet\/#\"><\/a>\t\t\t\t\t\t\t\t\t\t\t\t\t\t\t\t\t\t\t\t\t\t\t\t\t\t\t\t\t\t\t\t\t\t\t\t\t\t\t\t\t\t\t\t\t\t\t\t\t\t\t\t\t\t\t\t\t\t\t\t\t\t\t\t\t\t\t\t\t\t\t\t\t\t\t\t\t\t\t\t\t\t\t\t\t\t\t\t\t\t\t\t\t\t\t\t\t\t\t\t\t\t\t\t\t\t\t\t<\/li><li>\t\t\t\t\t\t\t\t\t\t\t\t\t\t\t\t\t\t\t\t\t\t\t\t\t\t\t\t\t\t\t\t\t\t\t\t\t\t\t\t\t\t\t\t\t\t\t\t\t\t\t\t\t\t\t\t\t\t\t\t\t\t\t\t\t\t\t\t\t\t\t\t\t\t\t\t\t\t\t\t\t\t\t\t\t\t\t\t\t\t\t\t\t\t\t\t\t\t\t\t\t\t\t\t\t\t\t\t\t\t\t\t\t\t\t\t\t\t\t\t\t\t\t\t\t\t\t\t\t\t\t\t\t\t\t\t\t\t\t\t\t\t\t<a href=\"https:\/\/internetdagarna.se\/program\/artificiell-intelligens-det-nya-granslandet\/#\"><strong>Stanley Greenstein<\/strong><\/a> &nbsp; Doktor\t\t\t\t\t\t\t\t\t\t\t\t\t\t\t\t\t\t\t\t\t\t\t\t\t\t\t\t\t\t\t\t\t\t\t\t\t\tJur.dr och universitetslektor i r\u00e4ttsinformatik, vid Juridiska institutionen,  Stockholms universitet <a href=\"https:\/\/internetdagarna.se\/program\/artificiell-intelligens-det-nya-granslandet\/#\"><\/a>\t\t\t\t\t\t\t\t\t\t\t\t\t\t\t\t\t\t\t\t\t\t\t\t\t\t\t\t\t\t\t\t\t\t\t\t\t\t\t\t\t\t\t\t\t\t\t\t\t\t\t\t\t\t\t\t\t\t\t\t\t\t\t\t\t\t\t\t\t\t\t\t\t\t\t\t\t\t\t\t\t\t\t\t\t\t\t\t\t\t\t\t\t\t\t\t\t\t\t\t\t\t\t\t\t\t\t\t<\/li><li>\t\t\t\t\t\t\t\t\t\t\t\t\t\t\t\t\t\t\t\t\t\t\t\t\t\t\t\t\t\t\t\t\t\t\t\t\t\t\t\t\t\t\t\t\t\t\t\t\t\t\t\t\t\t\t\t\t\t\t\t\t\t\t\t\t\t\t\t\t\t\t\t\t\t\t\t\t\t\t\t\t\t\t\t\t\t\t\t\t\t\t\t\t\t\t\t\t\t\t\t\t\t\t\t\t\t\t\t\t\t\t\t\t\t\t\t\t\t\t\t\t\t\t\t\t\t\t\t\t\t\t\t\t\t\t\t\t\t\t\t\t\t\t<a href=\"https:\/\/internetdagarna.se\/program\/artificiell-intelligens-det-nya-granslandet\/#\"><strong>Nicklas Berild Lundblad<\/strong><\/a><strong> <\/strong>&nbsp; Google\t\t\t\t\t\t\t\t\t\t\t\t\t\t\t\t\t\t\t\t\t\t\t\t\t\t\t\t\t\t\t\t\t\t\t\t\t\tNicklas Berild Lundblad \u00e4r samh\u00e4llspolitisk europachef p\u00e5 Google samt adjungerad professor i innovation vid INDEK p\u00e5 Kungliga Tekniska H\u00f6gskolan. <a href=\"https:\/\/internetdagarna.se\/program\/artificiell-intelligens-det-nya-granslandet\/#\"><\/a>\t\t\t\t\t\t\t\t\t\t\t\t\t\t\t\t\t\t\t\t\t\t\t\t\t\t\t\t\t\t\t\t\t\t\t\t\t\t\t\t\t\t\t\t\t\t\t\t\t\t\t\t\t\t\t\t\t\t\t\t\t\t\t\t\t\t\t\t\t\t\t\t\t\t\t\t\t\t\t\t\t\t\t\t\t\t\t\t\t\t\t\t\t\t\t\t\t\t\t\t\t\t\t\t\t\t\t\t<\/li><li>\t\t\t\t\t\t\t\t\t\t\t\t\t\t\t\t\t\t\t\t\t\t\t\t\t\t\t\t\t\t\t\t\t\t\t\t\t\t\t\t\t\t\t\t\t\t\t\t\t\t\t\t\t\t\t\t\t\t\t\t\t\t\t\t\t\t\t\t\t\t\t\t\t\t\t\t\t\t\t\t\t\t\t\t\t\t\t\t\t\t\t\t\t\t\t\t\t\t\t\t\t\t\t\t\t\t\t\t\t\t\t\t\t\t\t\t\t\t\t\t\t\t\t\t\t\t\t\t\t\t\t\t\t\t\t\t\t\t\t\t\t\t\t<a href=\"https:\/\/internetdagarna.se\/program\/artificiell-intelligens-det-nya-granslandet\/#\"><strong>Anne Kaun<\/strong><\/a><strong> &nbsp;<\/strong> Docent i medie- och kommunikationsvetenskap\t\t\t\t\t\t\t\t\t\t\t\t\t\t\t\t\t\t\t\t\t\t\t\t\t\t\t\t\t\t\t\t\t\t\t\t\t\tESS\u00c4: Anne Kaun \u00e4r docent i medie- och kommunikationsvetenskap vid S\u00f6dert\u00f6rns h\u00f6gskola. <a href=\"https:\/\/internetdagarna.se\/program\/artificiell-intelligens-det-nya-granslandet\/#\"><\/a>\t\t\t\t\t\t\t\t\t\t\t\t\t\t\t\t\t\t\t\t\t\t\t\t\t\t\t\t\t\t\t\t\t\t\t\t\t\t\t\t\t\t\t\t\t\t\t\t\t\t\t\t\t\t\t\t\t\t\t\t\t\t\t\t\t\t\t\t\t\t\t\t\t\t\t\t\t\t\t\t\t\t\t\t\t\t\t\t\t\t\t\t\t\t\t\t\t\t\t\t\t\t\t\t\t\t\t\t<\/li><li>\t\t\t\t\t\t\t\t\t\t\t\t\t\t\t\t\t\t\t\t\t\t\t\t\t\t\t\t\t\t\t\t\t\t\t\t\t\t\t\t\t\t\t\t\t\t\t\t\t\t\t\t\t\t\t\t\t\t\t\t\t\t\t\t\t\t\t\t\t\t\t\t\t\t\t\t\t\t\t\t\t\t\t\t\t\t\t\t\t\t\t\t\t\t\t\t\t\t\t\t\t\t\t\t\t\t\t\t\t\t\t\t\t\t\t\t\t\t\t\t\t\t\t\t\t\t\t\t\t\t\t\t\t\t\t\t\t\t\t\t\t\t\t<a href=\"https:\/\/internetdagarna.se\/program\/artificiell-intelligens-det-nya-granslandet\/#\"><strong>Gerolf Nauwerck<\/strong><\/a><strong> &nbsp;<\/strong> Doktorand med inriktning mot digital arbetsmilj\u00f6\t\t\t\t\t\t\t\t\t\t\t\t\t\t\t\t\t\t\t\t\t\t\t\t\t\t\t\t\t\t\t\t\t\t\t\t\t\tESS\u00c4: Gerolf Nauwerck \u00e4r doktorand vid Uppsala universitet i forskargruppen Health, Technology &amp; Organization (HTO). Hans forskning handlar om konsekvenser f\u00f6r arbetet n\u00e4r komplexa organisationer digitaliseras. Han har tidigare l\u00e4nge arbetat som IT-strateg och utredare i offentlig sektor. <a href=\"https:\/\/internetdagarna.se\/program\/artificiell-intelligens-det-nya-granslandet\/#\"><\/a>\t\t\t\t\t\t\t\t\t\t\t\t\t\t\t\t\t\t\t\t\t\t\t\t\t\t\t\t\t\t\t\t\t\t\t\t\t\t\t\t\t\t\t\t\t\t\t\t\t\t\t\t\t\t\t\t\t\t\t\t\t\t\t\t\t\t\t\t\t\t\t\t\t\t\t\t\t\t\t\t\t\t\t\t\t\t\t\t\t\t\t\t\t\t\t\t\t\t\t\t\t\t\t\t\t\t\t\t<\/li><li>\t\t\t\t\t\t\t\t\t\t\t\t\t\t\t\t\t\t\t\t\t\t\t\t\t\t\t\t\t\t\t\t\t\t\t\t\t\t\t\t\t\t\t\t\t\t\t\t\t\t\t\t\t\t\t\t\t\t\t\t\t\t\t\t\t\t\t\t\t\t\t\t\t\t\t\t\t\t\t\t\t\t\t\t\t\t\t\t\t\t\t\t\t\t\t\t\t\t\t\t\t\t\t\t\t\t\t\t\t\t\t\t\t\t\t\t\t\t\t\t\t\t\t\t\t\t\t\t\t\t\t\t\t\t\t\t\t\t\t\t\t\t\t<a href=\"https:\/\/internetdagarna.se\/program\/artificiell-intelligens-det-nya-granslandet\/#\"><strong>Stefan Larsson<\/strong><\/a><strong> &nbsp;<\/strong> Docent och jurist\t\t\t\t\t\t\t\t\t\t\t\t\t\t\t\t\t\t\t\t\t\t\t\t\t\t\t\t\t\t\t\t\t\t\t\t\t\tStefan Larsson \u00e4r jurist och docent i teknik och social f\u00f6r\u00e4ndring vid institutionen f\u00f6r teknik och samh\u00e4lle p\u00e5 LTH, Lunds universitet, och programchef f\u00f6r det digitala samh\u00e4lletprogrammet p\u00e5 tankesmedjan Fores. Han \u00e4r disputerad i s\u00e5v\u00e4l r\u00e4ttssociologi som i fysisk planering och hans forskning \u00e4r inriktad mot digitaliseringens m\u00f6jligheter, utmaningar och konsekvenser fr\u00e5n ett r\u00e4ttsligt, socialt och samh\u00e4lleligt perspektiv. Detta inkluderar behovet av tillit och transparens p\u00e5 datadrivna marknader, som i handelns anv\u00e4ndning av kunddata, eller g\u00e4llande r\u00e4ttsliga, sociala och normativa utmaningar inom utveckling och anv\u00e4ndning av artificiell intelligens. Stefan \u00e4r \u00e4ven medlem i Konsumentverkets vetenskapliga r\u00e5d.&nbsp;\t\t\t\t\t\t\t\t\t\t\t\t\t\t\t\t\t\t\t\t\t\t\t\t\t\t\t\t\t\t\t\t\t\t\t\t\t\t\t\t\t\t\t\t\t\t\t\t\t\t\t\t\t\t\t\t\t\t\t\t\t\t\t\t\t\t\t\t\t\t\t\t\t\t\t\t\t\t\t\t\t\t\t\t\t\t\t\t\t\t\t\t\t\t\t\t\t\t\t\t\t\t\t\t\t\t\t\t<\/li><li>\t\t\t\t\t\t\t\t\t\t\t\t\t\t\t\t\t\t\t\t\t\t\t\t\t\t\t\t\t\t\t\t\t\t\t\t\t\t\t\t\t\t\t\t\t\t\t\t\t\t\t\t\t\t\t\t\t\t\t\t\t\t\t\t\t\t\t\t\t\t\t\t\t\t\t\t\t\t\t\t\t\t\t\t\t\t\t\t\t\t\t\t\t\t\t\t\t\t\t\t\t\t\t\t\t\t\t\t\t\t\t\t\t\t\t\t\t\t\t\t\t\t\t\t\t\t\t\t\t\t\t\t\t\t\t\t\t\t\t\t\t\t\t<a href=\"https:\/\/internetdagarna.se\/program\/artificiell-intelligens-det-nya-granslandet\/#\"><strong>Fredrik Stiernstedt<\/strong><\/a><strong> &nbsp;<\/strong> Docent\t\t\t\t\t\t\t\t\t\t\t\t\t\t\t\t\t\t\t\t\t\t\t\t\t\t\t\t\t\t\t\t\t\t\t\t\t\tESS\u00c4 Fredrik Stiernstedt \u00e4r docent i medie- och kommunikationsvetenskap p\u00e5 S\u00f6dert\u00f6rns h\u00f6gskola.<a href=\"https:\/\/internetdagarna.se\/program\/artificiell-intelligens-det-nya-granslandet\/#\"><\/a>\t\t\t\t\t\t\t\t\t\t\t\t\t\t\t\t\t\t\t\t\t\t\t\t\t\t\t\t\t\t\t\t\t\t\t\t\t\t\t\t\t\t\t\t\t\t\t\t\t\t\t\t\t\t\t\t\t\t\t\t\t\t\t\t\t\t\t\t\t\t\t\t\t\t\t\t\t\t\t\t\t\t\t\t\t\t\t\t\t\t\t\t\t\t\t\t\t\t\t\t\t\t\t\t\t\t\t\t<\/li><\/ul>\n","protected":false},"excerpt":{"rendered":"<p>addAI.org recently arranged an AI day during the Internet Days in Stockholm and we were very happy to see so many of you there. We were approx. 400 people on site as well as 200 watching remotely. Now all the material is available &#8211; free to watch (thx Internetstiftelsen). Yes we know! It is to<\/p>\n","protected":false},"author":1,"featured_media":460,"comment_status":"closed","ping_status":"closed","sticky":false,"template":"","format":"standard","meta":{"footnotes":""},"categories":[1],"tags":[12],"class_list":["post-451","post","type-post","status-publish","format-standard","has-post-thumbnail","hentry","category-uncategorized","tag-seminars"],"_links":{"self":[{"href":"https:\/\/addai.org\/index.php\/wp-json\/wp\/v2\/posts\/451","targetHints":{"allow":["GET"]}}],"collection":[{"href":"https:\/\/addai.org\/index.php\/wp-json\/wp\/v2\/posts"}],"about":[{"href":"https:\/\/addai.org\/index.php\/wp-json\/wp\/v2\/types\/post"}],"author":[{"embeddable":true,"href":"https:\/\/addai.org\/index.php\/wp-json\/wp\/v2\/users\/1"}],"replies":[{"embeddable":true,"href":"https:\/\/addai.org\/index.php\/wp-json\/wp\/v2\/comments?post=451"}],"version-history":[{"count":8,"href":"https:\/\/addai.org\/index.php\/wp-json\/wp\/v2\/posts\/451\/revisions"}],"predecessor-version":[{"id":461,"href":"https:\/\/addai.org\/index.php\/wp-json\/wp\/v2\/posts\/451\/revisions\/461"}],"wp:featuredmedia":[{"embeddable":true,"href":"https:\/\/addai.org\/index.php\/wp-json\/wp\/v2\/media\/460"}],"wp:attachment":[{"href":"https:\/\/addai.org\/index.php\/wp-json\/wp\/v2\/media?parent=451"}],"wp:term":[{"taxonomy":"category","embeddable":true,"href":"https:\/\/addai.org\/index.php\/wp-json\/wp\/v2\/categories?post=451"},{"taxonomy":"post_tag","embeddable":true,"href":"https:\/\/addai.org\/index.php\/wp-json\/wp\/v2\/tags?post=451"}],"curies":[{"name":"wp","href":"https:\/\/api.w.org\/{rel}","templated":true}]}}